{"id":122,"date":"2024-03-29T19:51:14","date_gmt":"2024-03-29T19:51:14","guid":{"rendered":"https:\/\/presidencialfado.com\/?p=122"},"modified":"2024-04-05T17:54:16","modified_gmt":"2024-04-05T17:54:16","slug":"o-que-e-fado","status":"publish","type":"post","link":"https:\/\/presidencialfado.com\/en\/what-is-fado\/","title":{"rendered":"What is Fado? Is it just a style of music?"},"content":{"rendered":"<h2 class=\"wp-block-heading\" id=\"h-o-que-e-fado-sera-apenas-um-estilo-de-musica-ou-havera-algo-mais-do-que-aquilo-que-ouvimos\">What is FADO? Is it just a style of music? Or is there something more than what we hear? You may have already heard of...<\/h2>\n\n\n\n<p>You may have already heard of Fado, just as a style of music, but it is much more than that.<\/p>\n\n\n\n<p>As the poem says <u><a href=\"https:\/\/www.musixmatch.com\/lyrics\/Ama%CC%81lia-Rodrigues\/Tudo-Isto-%C3%A9-Fado\" data-type=\"link\" data-id=\"https:\/\/www.musixmatch.com\/lyrics\/Ama%CC%81lia-Rodrigues\/Tudo-Isto-%C3%A9-Fado\">\u201cTudo isto \u00e9 Fado\u201d<\/a><\/u>, written by An\u00edbal Nazar\u00e9, created by Fernanda Batista, but popularized by Am\u00e1lia Rodrigues:<\/p>\n\n\n\n<figure class=\"wp-block-image aligncenter size-full\"><img fetchpriority=\"high\" decoding=\"async\" width=\"522\" height=\"362\" src=\"https:\/\/presidencialfado.com\/wp-content\/uploads\/2024\/03\/O-que-e-fado-Amalia-Rodrigues.webp\" alt=\"Fado Corrido com Amalia Rodrigues - Lisboa1964\" class=\"wp-image-123\" srcset=\"https:\/\/presidencialfado.com\/wp-content\/uploads\/2024\/03\/O-que-e-fado-Amalia-Rodrigues.webp 522w, https:\/\/presidencialfado.com\/wp-content\/uploads\/2024\/03\/O-que-e-fado-Amalia-Rodrigues-300x208.webp 300w\" sizes=\"(max-width: 522px) 100vw, 522px\" \/><\/figure>\n\n\n\n<blockquote class=\"wp-block-quote is-layout-flow wp-block-quote-is-layout-flow\">\n<p>All this exists,&nbsp;<\/p>\n\n\n\n<p>this is all sad<\/p>\n\n\n\n<p>This is all Fado\u201d<\/p>\n<cite>An\u00edbal Nazar\u00e9<\/cite><\/blockquote>\n\n\n\n<p>Fado is all there is. Fado is life and everything that fits into it.<\/p>\n\n\n\n<p>Fado singers (men and women who sing Fado) look at life with their hearts and not with their reason.<\/p>\n\n\n\n<p>There is a darker, more melancholic feeling in the eyes of a Fado singer. There is a desire to immortalize your pain, not with a feeling of pity but by valuing it and welcoming it as part of everything that exists.&nbsp;<\/p>\n\n\n\n<p>N\u00e3o existe Fado sem Vida, nem Vida sem Fado. Est\u00e1 tudo intrinsecamente ligado e permanecer\u00e1 assim na Eternidade.<\/p>\n\n\n\n<p>H\u00e1 uma tristeza latente no Fado, mas que usada como recurso para chegar ao Et\u00e9reo. Am\u00e1lia Rodrigues f\u00ea-lo de uma maneira sublime e inating\u00edvel. Elevou o Fado a um patamar nunca antes alcan\u00e7ado. Dignificou o Fado de uma maneira que muitos consideraram imposs\u00edvel e at\u00e9 inadequado. Isto porque, Fado sendo uma m\u00fasica do Povo n\u00e3o tem as regras e a beleza de um Canto Cl\u00e1ssico, n\u00e3o tem a magnitude de uma \u00d3pera. Mas tem a sensibilidade da humanidade, tem a certeza de que pertencendo ao povo, n\u00e3o poder\u00e1 cantar mais nada a n\u00e3o ser a verdade.<\/p>\n\n\n\n<p>And it is in this place that the greatest characteristic of Fado resides, Truth.<\/p>\n\n\n\n<p>How can we sing something so tragic if we don't embody it in our skin?<\/p>\n\n\n\n<p>Fado is not about acting, nor about pretending. Fado is about incorporating the saddest and most mundane side of Life and giving it a voice.&nbsp;<\/p>\n\n\n\n<p>No one wants to face their pain. But is there evolution without pain? And why do we deny our pain? Because it hurts!&nbsp;<\/p>\n\n\n\n<p>Ent\u00e3o o Fadista usa a dor para construir algo Belo. Usa a dor para chegar \u00e0 dor do outro e abra\u00e7a-lo, acarinh\u00e1-lo e compreend\u00ea-lo.&nbsp;<\/p>\n\n\n\n<p>The Fado singer performs an act of love when he sings about his pain. Strip away all types of prejudices and surrender to the curse of constantly living Life as it truly is.<\/p>\n\n\n\n<p>Fado is atrociously simple and this is most likely what attracts us and at the same time drives us away. Do we want to experience that pain again? We do not want! But we need to evolve. We urgently need to embrace our pain, dignify it and use it for our growth.&nbsp;<\/p>\n\n\n\n<p>Fado doesn't want anything other than your feelings. Therefore, whenever a Fado singer sings, it is as if a prayer were being born at that precise moment. Each prayer is the elevation of your spirit, it is the request for mercy for your insignificance. It's an unconsciously sung cry for help.&nbsp;<\/p>\n\n\n\n<p>That's why you say Fado happens. And it happens at a time when the Fado trinity made up of the Fado Singer, the Guitarist and the Fado Viola are closely linked and reach the level of being one.&nbsp;<\/p>\n\n\n\n<p>This happens unconsciously in an extremely unexpected way. This is how it should be.&nbsp;<\/p>\n\n\n\n<p>Therefore, it is in simplicity, delivery and cruelty of feelings that we will find Fado.&nbsp;<\/p>\n\n\n\n<p>Don't expect fireworks or big shows full of lights.&nbsp;<\/p>\n\n\n\n<p>Fado belongs to darkness and only in this way can we admit what torments us.&nbsp;<\/p>\n\n\n\n<p>Fado is experienced in a profound absence of light, but guiding us towards our salvation.<\/p>\n\n\n\n<p>Fado only seeks a way to materialize through those who lend it their body.<\/p>\n\n\n\n<p>Let's live Fado as it is, and not as you want to believe!<\/p>","protected":false},"excerpt":{"rendered":"<p>O que \u00e9 FADO? Ser\u00e1 apenas um estilo de m\u00fasica? Ou haver\u00e1 algo mais do que aquilo que ouvimos? Poder\u00e3o j\u00e1 ter ouvido falar de Fado, apenas como estilo de m\u00fasica, mas \u00e9 muito mais do que isso. Como diz o poema \u201cTudo isto \u00e9 Fado\u201d, da autoria de An\u00edbal Nazar\u00e9, cria\u00e7\u00e3o de Fernanda Batista, [&hellip;]<\/p>","protected":false},"author":1,"featured_media":175,"comment_status":"open","ping_status":"open","sticky":false,"template":"","format":"standard","meta":{"footnotes":""},"categories":[1],"tags":[],"class_list":["post-122","post","type-post","status-publish","format-standard","has-post-thumbnail","hentry","category-blog"],"yoast_head":"<!-- This site is optimized with the Yoast SEO Premium plugin v24.1 (Yoast SEO v24.1) - https:\/\/yoast.com\/wordpress\/plugins\/seo\/ -->\n<title>O que \u00e9 FADO? Ser\u00e1 apenas um estilo de m\u00fasica? - Presidencial Fado<\/title>\n<meta name=\"description\" content=\"O Fado \u00e9 de uma simplicidade atroz e muito provavelmente \u00e9 isso que nos atrai e ao mesmo tempo afasta. Fado \u00e9 tudo o que existe.\" \/>\n<meta name=\"robots\" content=\"index, follow, max-snippet:-1, max-image-preview:large, max-video-preview:-1\" \/>\n<link rel=\"canonical\" href=\"https:\/\/presidencialfado.com\/en\/what-is-fado\/\" \/>\n<meta property=\"og:locale\" content=\"en_GB\" \/>\n<meta property=\"og:type\" content=\"article\" \/>\n<meta property=\"og:title\" content=\"O que \u00e9 Fado? Ser\u00e1 apenas um estilo de m\u00fasica?\" \/>\n<meta property=\"og:description\" content=\"O Fado \u00e9 de uma simplicidade atroz e muito provavelmente \u00e9 isso que nos atrai e ao mesmo tempo afasta. Fado \u00e9 tudo o que existe.\" \/>\n<meta property=\"og:url\" content=\"https:\/\/presidencialfado.com\/en\/what-is-fado\/\" \/>\n<meta property=\"og:site_name\" content=\"Presidencial Fado\" \/>\n<meta property=\"article:publisher\" content=\"https:\/\/www.facebook.com\/profile.php?id=61556139603917\" \/>\n<meta property=\"article:published_time\" content=\"2024-03-29T19:51:14+00:00\" \/>\n<meta property=\"article:modified_time\" content=\"2024-04-05T17:54:16+00:00\" \/>\n<meta property=\"og:image\" content=\"https:\/\/presidencialfado.com\/wp-content\/uploads\/2024\/03\/O-que-e-fado-Amalia-Rodrigues1.webp\" \/>\n\t<meta property=\"og:image:width\" content=\"780\" \/>\n\t<meta property=\"og:image:height\" content=\"520\" \/>\n\t<meta property=\"og:image:type\" content=\"image\/webp\" \/>\n<meta name=\"author\" content=\"presidencialfado.com\" \/>\n<meta name=\"twitter:card\" content=\"summary_large_image\" \/>\n<meta name=\"twitter:label1\" content=\"Written by\" \/>\n\t<meta name=\"twitter:data1\" content=\"presidencialfado.com\" \/>\n\t<meta name=\"twitter:label2\" content=\"Estimated reading time\" \/>\n\t<meta name=\"twitter:data2\" content=\"4 minutes\" \/>\n<script type=\"application\/ld+json\" class=\"yoast-schema-graph\">{\"@context\":\"https:\/\/schema.org\",\"@graph\":[{\"@type\":\"Article\",\"@id\":\"https:\/\/presidencialfado.com\/o-que-e-fado\/#article\",\"isPartOf\":{\"@id\":\"https:\/\/presidencialfado.com\/o-que-e-fado\/\"},\"author\":{\"name\":\"presidencialfado.com\",\"@id\":\"https:\/\/presidencialfado.com\/#\/schema\/person\/e0aeff0bc4789549f20cc2766bdce1e2\"},\"headline\":\"O que \u00e9 Fado? Ser\u00e1 apenas um estilo de m\u00fasica?\",\"datePublished\":\"2024-03-29T19:51:14+00:00\",\"dateModified\":\"2024-04-05T17:54:16+00:00\",\"mainEntityOfPage\":{\"@id\":\"https:\/\/presidencialfado.com\/o-que-e-fado\/\"},\"wordCount\":677,\"commentCount\":0,\"publisher\":{\"@id\":\"https:\/\/presidencialfado.com\/#organization\"},\"image\":{\"@id\":\"https:\/\/presidencialfado.com\/o-que-e-fado\/#primaryimage\"},\"thumbnailUrl\":\"https:\/\/presidencialfado.com\/wp-content\/uploads\/2024\/03\/O-que-e-fado-Amalia-Rodrigues1.webp\",\"articleSection\":[\"Blog\"],\"inLanguage\":\"en-GB\",\"potentialAction\":[{\"@type\":\"CommentAction\",\"name\":\"Comment\",\"target\":[\"https:\/\/presidencialfado.com\/o-que-e-fado\/#respond\"]}]},{\"@type\":\"WebPage\",\"@id\":\"https:\/\/presidencialfado.com\/o-que-e-fado\/\",\"url\":\"https:\/\/presidencialfado.com\/o-que-e-fado\/\",\"name\":\"O que \u00e9 FADO? Ser\u00e1 apenas um estilo de m\u00fasica? - Presidencial Fado\",\"isPartOf\":{\"@id\":\"https:\/\/presidencialfado.com\/#website\"},\"primaryImageOfPage\":{\"@id\":\"https:\/\/presidencialfado.com\/o-que-e-fado\/#primaryimage\"},\"image\":{\"@id\":\"https:\/\/presidencialfado.com\/o-que-e-fado\/#primaryimage\"},\"thumbnailUrl\":\"https:\/\/presidencialfado.com\/wp-content\/uploads\/2024\/03\/O-que-e-fado-Amalia-Rodrigues1.webp\",\"datePublished\":\"2024-03-29T19:51:14+00:00\",\"dateModified\":\"2024-04-05T17:54:16+00:00\",\"description\":\"O Fado \u00e9 de uma simplicidade atroz e muito provavelmente \u00e9 isso que nos atrai e ao mesmo tempo afasta. Fado \u00e9 tudo o que existe.\",\"breadcrumb\":{\"@id\":\"https:\/\/presidencialfado.com\/o-que-e-fado\/#breadcrumb\"},\"inLanguage\":\"en-GB\",\"potentialAction\":[{\"@type\":\"ReadAction\",\"target\":[\"https:\/\/presidencialfado.com\/o-que-e-fado\/\"]}]},{\"@type\":\"ImageObject\",\"inLanguage\":\"en-GB\",\"@id\":\"https:\/\/presidencialfado.com\/o-que-e-fado\/#primaryimage\",\"url\":\"https:\/\/presidencialfado.com\/wp-content\/uploads\/2024\/03\/O-que-e-fado-Amalia-Rodrigues1.webp\",\"contentUrl\":\"https:\/\/presidencialfado.com\/wp-content\/uploads\/2024\/03\/O-que-e-fado-Amalia-Rodrigues1.webp\",\"width\":780,\"height\":520,\"caption\":\"Fado no Porto\"},{\"@type\":\"BreadcrumbList\",\"@id\":\"https:\/\/presidencialfado.com\/o-que-e-fado\/#breadcrumb\",\"itemListElement\":[{\"@type\":\"ListItem\",\"position\":1,\"name\":\"Home\",\"item\":\"https:\/\/presidencialfado.com\/\"},{\"@type\":\"ListItem\",\"position\":2,\"name\":\"O que \u00e9 Fado? Ser\u00e1 apenas um estilo de m\u00fasica?\"}]},{\"@type\":\"WebSite\",\"@id\":\"https:\/\/presidencialfado.com\/#website\",\"url\":\"https:\/\/presidencialfado.com\/\",\"name\":\"Presidencial Fado\",\"description\":\"Deixe-se envolver pelo fado na emblem\u00e1tica esta\u00e7\u00e3o de S\u00e3o Bento!\",\"publisher\":{\"@id\":\"https:\/\/presidencialfado.com\/#organization\"},\"alternateName\":\"Presidencial Fado - Portugal Exclusive\",\"potentialAction\":[{\"@type\":\"SearchAction\",\"target\":{\"@type\":\"EntryPoint\",\"urlTemplate\":\"https:\/\/presidencialfado.com\/?s={search_term_string}\"},\"query-input\":{\"@type\":\"PropertyValueSpecification\",\"valueRequired\":true,\"valueName\":\"search_term_string\"}}],\"inLanguage\":\"en-GB\"},{\"@type\":[\"Organization\",\"Place\",\"MusicVenue\"],\"@id\":\"https:\/\/presidencialfado.com\/#organization\",\"name\":\"Presidencial Fado\",\"alternateName\":\"Presidencial Fado - Portugal Exclusive\",\"url\":\"https:\/\/presidencialfado.com\/\",\"logo\":{\"@id\":\"https:\/\/presidencialfado.com\/o-que-e-fado\/#local-main-organization-logo\"},\"image\":{\"@id\":\"https:\/\/presidencialfado.com\/o-que-e-fado\/#local-main-organization-logo\"},\"sameAs\":[\"https:\/\/www.facebook.com\/profile.php?id=61556139603917\",\"https:\/\/www.instagram.com\/presidencial.fado\/\",\"https:\/\/www.tripadvisor.pt\/Attraction_Review-g189180-d27126109-Reviews-Presidencial_Fado-Porto_Porto_District_Northern_Portugal.html\",\"https:\/\/www.tiktok.com\/@presidencial.fado\"],\"description\":\"Dentro da maravilhosa Esta\u00e7\u00e3o Ferrovi\u00e1ria de S\u00e3o Bento encontra o local mais adequado para ouvir Fado. Um espa\u00e7o acolhedor que funciona como sala de concertos, apresenta\u00e7\u00f5es e exposi\u00e7\u00f5es e venda de produtos exclusivos portugueses. Na decora\u00e7\u00e3o est\u00e3o incorporados objetos hist\u00f3ricos dos Caminhos de Ferro em Portugal e pe\u00e7as da pr\u00f3pria Esta\u00e7\u00e3o.\",\"legalName\":\"Presidencial Fado\",\"address\":{\"@id\":\"https:\/\/presidencialfado.com\/o-que-e-fado\/#local-main-place-address\"},\"geo\":{\"@type\":\"GeoCoordinates\",\"latitude\":\"41.14531920\",\"longitude\":\"-8.61022250\"},\"telephone\":[\"+351931350473\"],\"contactPoint\":{\"@type\":\"ContactPoint\",\"telephone\":\"+351931350473\",\"email\":\"info@presidencialfado.com\"},\"openingHoursSpecification\":[{\"@type\":\"OpeningHoursSpecification\",\"dayOfWeek\":[\"Monday\",\"Tuesday\",\"Wednesday\",\"Thursday\",\"Friday\",\"Saturday\",\"Sunday\"],\"opens\":\"18:00\",\"closes\":\"19:00\"}],\"email\":\"info@presidencialfado.com\",\"areaServed\":\"Portugal, Porto\"},{\"@type\":\"Person\",\"@id\":\"https:\/\/presidencialfado.com\/#\/schema\/person\/e0aeff0bc4789549f20cc2766bdce1e2\",\"name\":\"presidencialfado.com\",\"image\":{\"@type\":\"ImageObject\",\"inLanguage\":\"en-GB\",\"@id\":\"https:\/\/presidencialfado.com\/#\/schema\/person\/image\/\",\"url\":\"https:\/\/secure.gravatar.com\/avatar\/3bfa57850cbe4ed490cd9bc53558034e?s=96&d=mm&r=g\",\"contentUrl\":\"https:\/\/secure.gravatar.com\/avatar\/3bfa57850cbe4ed490cd9bc53558034e?s=96&d=mm&r=g\",\"caption\":\"presidencialfado.com\"},\"sameAs\":[\"http:\/\/presidencialfado.com\"],\"url\":\"https:\/\/presidencialfado.com\/en\/author\/presidencialfado-com\/\"},{\"@type\":\"PostalAddress\",\"@id\":\"https:\/\/presidencialfado.com\/o-que-e-fado\/#local-main-place-address\",\"streetAddress\":\"Gare Esta\u00e7\u00e3o de S\u00e3o Bento, Pra\u00e7a de Almeida Garrett, 4000-069 Porto\",\"addressLocality\":\"Porto\",\"postalCode\":\"4000-069\",\"addressRegion\":\"Porto\",\"addressCountry\":\"PT\"},{\"@type\":\"ImageObject\",\"inLanguage\":\"en-GB\",\"@id\":\"https:\/\/presidencialfado.com\/o-que-e-fado\/#local-main-organization-logo\",\"url\":\"https:\/\/presidencialfado.com\/wp-content\/uploads\/2024\/03\/Favicon-presidencial-fado.png\",\"contentUrl\":\"https:\/\/presidencialfado.com\/wp-content\/uploads\/2024\/03\/Favicon-presidencial-fado.png\",\"width\":512,\"height\":512,\"caption\":\"Presidencial Fado\"}]}<\/script>\n<meta name=\"geo.placename\" content=\"Porto\" \/>\n<meta name=\"geo.position\" content=\"41.14531920;-8.61022250\" \/>\n<meta name=\"geo.region\" content=\"Portugal\" \/>\n<!-- \/ Yoast SEO Premium plugin. -->","yoast_head_json":{"title":"O que \u00e9 FADO? Ser\u00e1 apenas um estilo de m\u00fasica? - Presidencial Fado","description":"O Fado \u00e9 de uma simplicidade atroz e muito provavelmente \u00e9 isso que nos atrai e ao mesmo tempo afasta. Fado \u00e9 tudo o que existe.","robots":{"index":"index","follow":"follow","max-snippet":"max-snippet:-1","max-image-preview":"max-image-preview:large","max-video-preview":"max-video-preview:-1"},"canonical":"https:\/\/presidencialfado.com\/en\/what-is-fado\/","og_locale":"en_GB","og_type":"article","og_title":"O que \u00e9 Fado? Ser\u00e1 apenas um estilo de m\u00fasica?","og_description":"O Fado \u00e9 de uma simplicidade atroz e muito provavelmente \u00e9 isso que nos atrai e ao mesmo tempo afasta. Fado \u00e9 tudo o que existe.","og_url":"https:\/\/presidencialfado.com\/en\/what-is-fado\/","og_site_name":"Presidencial Fado","article_publisher":"https:\/\/www.facebook.com\/profile.php?id=61556139603917","article_published_time":"2024-03-29T19:51:14+00:00","article_modified_time":"2024-04-05T17:54:16+00:00","og_image":[{"width":780,"height":520,"url":"https:\/\/presidencialfado.com\/wp-content\/uploads\/2024\/03\/O-que-e-fado-Amalia-Rodrigues1.webp","type":"image\/webp"}],"author":"presidencialfado.com","twitter_card":"summary_large_image","twitter_misc":{"Written by":"presidencialfado.com","Estimated reading time":"4 minutes"},"schema":{"@context":"https:\/\/schema.org","@graph":[{"@type":"Article","@id":"https:\/\/presidencialfado.com\/o-que-e-fado\/#article","isPartOf":{"@id":"https:\/\/presidencialfado.com\/o-que-e-fado\/"},"author":{"name":"presidencialfado.com","@id":"https:\/\/presidencialfado.com\/#\/schema\/person\/e0aeff0bc4789549f20cc2766bdce1e2"},"headline":"O que \u00e9 Fado? Ser\u00e1 apenas um estilo de m\u00fasica?","datePublished":"2024-03-29T19:51:14+00:00","dateModified":"2024-04-05T17:54:16+00:00","mainEntityOfPage":{"@id":"https:\/\/presidencialfado.com\/o-que-e-fado\/"},"wordCount":677,"commentCount":0,"publisher":{"@id":"https:\/\/presidencialfado.com\/#organization"},"image":{"@id":"https:\/\/presidencialfado.com\/o-que-e-fado\/#primaryimage"},"thumbnailUrl":"https:\/\/presidencialfado.com\/wp-content\/uploads\/2024\/03\/O-que-e-fado-Amalia-Rodrigues1.webp","articleSection":["Blog"],"inLanguage":"en-GB","potentialAction":[{"@type":"CommentAction","name":"Comment","target":["https:\/\/presidencialfado.com\/o-que-e-fado\/#respond"]}]},{"@type":"WebPage","@id":"https:\/\/presidencialfado.com\/o-que-e-fado\/","url":"https:\/\/presidencialfado.com\/o-que-e-fado\/","name":"O que \u00e9 FADO? Ser\u00e1 apenas um estilo de m\u00fasica? - Presidencial Fado","isPartOf":{"@id":"https:\/\/presidencialfado.com\/#website"},"primaryImageOfPage":{"@id":"https:\/\/presidencialfado.com\/o-que-e-fado\/#primaryimage"},"image":{"@id":"https:\/\/presidencialfado.com\/o-que-e-fado\/#primaryimage"},"thumbnailUrl":"https:\/\/presidencialfado.com\/wp-content\/uploads\/2024\/03\/O-que-e-fado-Amalia-Rodrigues1.webp","datePublished":"2024-03-29T19:51:14+00:00","dateModified":"2024-04-05T17:54:16+00:00","description":"O Fado \u00e9 de uma simplicidade atroz e muito provavelmente \u00e9 isso que nos atrai e ao mesmo tempo afasta. Fado \u00e9 tudo o que existe.","breadcrumb":{"@id":"https:\/\/presidencialfado.com\/o-que-e-fado\/#breadcrumb"},"inLanguage":"en-GB","potentialAction":[{"@type":"ReadAction","target":["https:\/\/presidencialfado.com\/o-que-e-fado\/"]}]},{"@type":"ImageObject","inLanguage":"en-GB","@id":"https:\/\/presidencialfado.com\/o-que-e-fado\/#primaryimage","url":"https:\/\/presidencialfado.com\/wp-content\/uploads\/2024\/03\/O-que-e-fado-Amalia-Rodrigues1.webp","contentUrl":"https:\/\/presidencialfado.com\/wp-content\/uploads\/2024\/03\/O-que-e-fado-Amalia-Rodrigues1.webp","width":780,"height":520,"caption":"Fado no Porto"},{"@type":"BreadcrumbList","@id":"https:\/\/presidencialfado.com\/o-que-e-fado\/#breadcrumb","itemListElement":[{"@type":"ListItem","position":1,"name":"Home","item":"https:\/\/presidencialfado.com\/"},{"@type":"ListItem","position":2,"name":"O que \u00e9 Fado? Ser\u00e1 apenas um estilo de m\u00fasica?"}]},{"@type":"WebSite","@id":"https:\/\/presidencialfado.com\/#website","url":"https:\/\/presidencialfado.com\/","name":"Presidencial Fado","description":"Deixe-se envolver pelo fado na emblem\u00e1tica esta\u00e7\u00e3o de S\u00e3o Bento!","publisher":{"@id":"https:\/\/presidencialfado.com\/#organization"},"alternateName":"Presidencial Fado - Portugal Exclusive","potentialAction":[{"@type":"SearchAction","target":{"@type":"EntryPoint","urlTemplate":"https:\/\/presidencialfado.com\/?s={search_term_string}"},"query-input":{"@type":"PropertyValueSpecification","valueRequired":true,"valueName":"search_term_string"}}],"inLanguage":"en-GB"},{"@type":["Organization","Place","MusicVenue"],"@id":"https:\/\/presidencialfado.com\/#organization","name":"Presidencial Fado","alternateName":"Presidencial Fado - Portugal Exclusive","url":"https:\/\/presidencialfado.com\/","logo":{"@id":"https:\/\/presidencialfado.com\/o-que-e-fado\/#local-main-organization-logo"},"image":{"@id":"https:\/\/presidencialfado.com\/o-que-e-fado\/#local-main-organization-logo"},"sameAs":["https:\/\/www.facebook.com\/profile.php?id=61556139603917","https:\/\/www.instagram.com\/presidencial.fado\/","https:\/\/www.tripadvisor.pt\/Attraction_Review-g189180-d27126109-Reviews-Presidencial_Fado-Porto_Porto_District_Northern_Portugal.html","https:\/\/www.tiktok.com\/@presidencial.fado"],"description":"Dentro da maravilhosa Esta\u00e7\u00e3o Ferrovi\u00e1ria de S\u00e3o Bento encontra o local mais adequado para ouvir Fado. Um espa\u00e7o acolhedor que funciona como sala de concertos, apresenta\u00e7\u00f5es e exposi\u00e7\u00f5es e venda de produtos exclusivos portugueses. Na decora\u00e7\u00e3o est\u00e3o incorporados objetos hist\u00f3ricos dos Caminhos de Ferro em Portugal e pe\u00e7as da pr\u00f3pria Esta\u00e7\u00e3o.","legalName":"Presidencial Fado","address":{"@id":"https:\/\/presidencialfado.com\/o-que-e-fado\/#local-main-place-address"},"geo":{"@type":"GeoCoordinates","latitude":"41.14531920","longitude":"-8.61022250"},"telephone":["+351931350473"],"contactPoint":{"@type":"ContactPoint","telephone":"+351931350473","email":"info@presidencialfado.com"},"openingHoursSpecification":[{"@type":"OpeningHoursSpecification","dayOfWeek":["Monday","Tuesday","Wednesday","Thursday","Friday","Saturday","Sunday"],"opens":"18:00","closes":"19:00"}],"email":"info@presidencialfado.com","areaServed":"Portugal, Porto"},{"@type":"Person","@id":"https:\/\/presidencialfado.com\/#\/schema\/person\/e0aeff0bc4789549f20cc2766bdce1e2","name":"presidencialfado.com","image":{"@type":"ImageObject","inLanguage":"en-GB","@id":"https:\/\/presidencialfado.com\/#\/schema\/person\/image\/","url":"https:\/\/secure.gravatar.com\/avatar\/3bfa57850cbe4ed490cd9bc53558034e?s=96&d=mm&r=g","contentUrl":"https:\/\/secure.gravatar.com\/avatar\/3bfa57850cbe4ed490cd9bc53558034e?s=96&d=mm&r=g","caption":"presidencialfado.com"},"sameAs":["http:\/\/presidencialfado.com"],"url":"https:\/\/presidencialfado.com\/en\/author\/presidencialfado-com\/"},{"@type":"PostalAddress","@id":"https:\/\/presidencialfado.com\/o-que-e-fado\/#local-main-place-address","streetAddress":"Gare Esta\u00e7\u00e3o de S\u00e3o Bento, Pra\u00e7a de Almeida Garrett, 4000-069 Porto","addressLocality":"Porto","postalCode":"4000-069","addressRegion":"Porto","addressCountry":"PT"},{"@type":"ImageObject","inLanguage":"en-GB","@id":"https:\/\/presidencialfado.com\/o-que-e-fado\/#local-main-organization-logo","url":"https:\/\/presidencialfado.com\/wp-content\/uploads\/2024\/03\/Favicon-presidencial-fado.png","contentUrl":"https:\/\/presidencialfado.com\/wp-content\/uploads\/2024\/03\/Favicon-presidencial-fado.png","width":512,"height":512,"caption":"Presidencial Fado"}]},"geo.placename":"Porto","geo.position":{"lat":"41.14531920","long":"-8.61022250"},"geo.region":"Portugal"},"_links":{"self":[{"href":"https:\/\/presidencialfado.com\/en\/wp-json\/wp\/v2\/posts\/122","targetHints":{"allow":["GET"]}}],"collection":[{"href":"https:\/\/presidencialfado.com\/en\/wp-json\/wp\/v2\/posts"}],"about":[{"href":"https:\/\/presidencialfado.com\/en\/wp-json\/wp\/v2\/types\/post"}],"author":[{"embeddable":true,"href":"https:\/\/presidencialfado.com\/en\/wp-json\/wp\/v2\/users\/1"}],"replies":[{"embeddable":true,"href":"https:\/\/presidencialfado.com\/en\/wp-json\/wp\/v2\/comments?post=122"}],"version-history":[{"count":10,"href":"https:\/\/presidencialfado.com\/en\/wp-json\/wp\/v2\/posts\/122\/revisions"}],"predecessor-version":[{"id":315,"href":"https:\/\/presidencialfado.com\/en\/wp-json\/wp\/v2\/posts\/122\/revisions\/315"}],"wp:featuredmedia":[{"embeddable":true,"href":"https:\/\/presidencialfado.com\/en\/wp-json\/wp\/v2\/media\/175"}],"wp:attachment":[{"href":"https:\/\/presidencialfado.com\/en\/wp-json\/wp\/v2\/media?parent=122"}],"wp:term":[{"taxonomy":"category","embeddable":true,"href":"https:\/\/presidencialfado.com\/en\/wp-json\/wp\/v2\/categories?post=122"},{"taxonomy":"post_tag","embeddable":true,"href":"https:\/\/presidencialfado.com\/en\/wp-json\/wp\/v2\/tags?post=122"}],"curies":[{"name":"wp","href":"https:\/\/api.w.org\/{rel}","templated":true}]}}