{"id":122,"date":"2024-03-29T19:51:14","date_gmt":"2024-03-29T19:51:14","guid":{"rendered":"https:\/\/presidencialfado.com\/?p=122"},"modified":"2024-04-05T17:54:16","modified_gmt":"2024-04-05T17:54:16","slug":"o-que-e-fado","status":"publish","type":"post","link":"https:\/\/presidencialfado.com\/fr\/quest-ce-que-le-fado\/","title":{"rendered":"Qu\u2019est-ce que le Fado ? Est-ce juste un style de musique ?"},"content":{"rendered":"<h2 class=\"wp-block-heading\" id=\"h-o-que-e-fado-sera-apenas-um-estilo-de-musica-ou-havera-algo-mais-do-que-aquilo-que-ouvimos\">Qu\u2019est-ce que le FADO ? Est-ce juste un style de musique ? Ou y a-t-il quelque chose de plus que ce que nous entendons ? Vous en avez peut-\u00eatre d\u00e9j\u00e0 entendu parler...<\/h2>\n\n\n\n<p>Vous avez peut-\u00eatre d\u00e9j\u00e0 entendu parler du Fado en tant que style de musique, mais c'est bien plus que cela.<\/p>\n\n\n\n<p>Comme le dit le po\u00e8me <u><a href=\"https:\/\/www.musixmatch.com\/lyrics\/Ama%CC%81lia-Rodrigues\/Tudo-Isto-%C3%A9-Fado\" data-type=\"link\" data-id=\"https:\/\/www.musixmatch.com\/lyrics\/Ama%CC%81lia-Rodrigues\/Tudo-Isto-%C3%A9-Fado\">\u201cTudo isto \u00e9 Fado\u201d<\/a><\/u>, \u00e9crit par An\u00edbal Nazar\u00e9, cr\u00e9\u00e9 par Fernanda Batista, mais popularis\u00e9 par Am\u00e1lia Rodrigues :<\/p>\n\n\n\n<figure class=\"wp-block-image aligncenter size-full\"><img fetchpriority=\"high\" decoding=\"async\" width=\"522\" height=\"362\" src=\"https:\/\/presidencialfado.com\/wp-content\/uploads\/2024\/03\/O-que-e-fado-Amalia-Rodrigues.webp\" alt=\"Fado Corrido com Amalia Rodrigues - Lisboa1964\" class=\"wp-image-123\" srcset=\"https:\/\/presidencialfado.com\/wp-content\/uploads\/2024\/03\/O-que-e-fado-Amalia-Rodrigues.webp 522w, https:\/\/presidencialfado.com\/wp-content\/uploads\/2024\/03\/O-que-e-fado-Amalia-Rodrigues-300x208.webp 300w\" sizes=\"(max-width: 522px) 100vw, 522px\" \/><\/figure>\n\n\n\n<blockquote class=\"wp-block-quote is-layout-flow wp-block-quote-is-layout-flow\">\n<p>\"Tout cela existe,&nbsp;<\/p>\n\n\n\n<p>tout cela est triste<\/p>\n\n\n\n<p>C'est tout du Fado\"<\/p>\n<cite>An\u00edbal Nazar\u00e9<\/cite><\/blockquote>\n\n\n\n<p>Le Fado est tout ce qu'il y a. Le Fado, c'est la vie et tout ce qui y rentre.<\/p>\n\n\n\n<p>Les chanteurs de Fado (hommes et femmes qui chantent le Fado) regardent la vie avec leur c\u0153ur et non avec leur raison.<\/p>\n\n\n\n<p>Il y a un sentiment plus sombre et m\u00e9lancolique dans les yeux d'un chanteur de Fado. Il existe un d\u00e9sir d\u2019immortaliser votre douleur, non pas avec un sentiment de piti\u00e9 mais en la valorisant et en l\u2019accueillant comme faisant partie de tout ce qui existe.&nbsp;<\/p>\n\n\n\n<p>N\u00e3o existe Fado sem Vida, nem Vida sem Fado. Est\u00e1 tudo intrinsecamente ligado e permanecer\u00e1 assim na Eternidade.<\/p>\n\n\n\n<p>H\u00e1 uma tristeza latente no Fado, mas que usada como recurso para chegar ao Et\u00e9reo. Am\u00e1lia Rodrigues f\u00ea-lo de uma maneira sublime e inating\u00edvel. Elevou o Fado a um patamar nunca antes alcan\u00e7ado. Dignificou o Fado de uma maneira que muitos consideraram imposs\u00edvel e at\u00e9 inadequado. Isto porque, Fado sendo uma m\u00fasica do Povo n\u00e3o tem as regras e a beleza de um Canto Cl\u00e1ssico, n\u00e3o tem a magnitude de uma \u00d3pera. Mas tem a sensibilidade da humanidade, tem a certeza de que pertencendo ao povo, n\u00e3o poder\u00e1 cantar mais nada a n\u00e3o ser a verdade.<\/p>\n\n\n\n<p>Et c\u2019est dans ce lieu que r\u00e9side la plus grande caract\u00e9ristique du Fado, la V\u00e9rit\u00e9.<\/p>\n\n\n\n<p>Comment pouvons-nous chanter quelque chose d\u2019aussi tragique si nous ne l\u2019incarnons pas dans notre peau ?<\/p>\n\n\n\n<p>Le fado ne consiste pas \u00e0 jouer le r\u00f4le, ni \u00e0 faire semblant. Le fado consiste \u00e0 incorporer le c\u00f4t\u00e9 le plus triste et le plus banal de la vie et \u00e0 lui donner une voix.&nbsp;<\/p>\n\n\n\n<p>Personne ne veut affronter sa douleur. Mais existe-t-il une \u00e9volution sans douleur ? Et pourquoi nions-nous notre douleur ? Parce que \u00e7a fait mal !&nbsp;<\/p>\n\n\n\n<p>Ent\u00e3o o Fadista usa a dor para construir algo Belo. Usa a dor para chegar \u00e0 dor do outro e abra\u00e7a-lo, acarinh\u00e1-lo e compreend\u00ea-lo.&nbsp;<\/p>\n\n\n\n<p>Le chanteur de Fado accomplit un acte d'amour lorsqu'il chante sa douleur. \u00c9liminez tous les types de pr\u00e9jug\u00e9s et abandonnez-vous \u00e0 la mal\u00e9diction de vivre constamment la vie telle qu\u2019elle est r\u00e9ellement.<\/p>\n\n\n\n<p>Le fado est d'une simplicit\u00e9 atroce et c'est probablement ce qui nous attire et en m\u00eame temps nous \u00e9loigne. Voulons-nous revivre cette douleur ? Nous ne voulons pas! Mais nous devons \u00e9voluer. Nous devons de toute urgence accepter notre douleur, lui donner de la dignit\u00e9 et l\u2019utiliser pour notre croissance.&nbsp;<\/p>\n\n\n\n<p>Fado ne veut rien d'autre que vos sentiments. Ainsi, chaque fois qu\u2019un chanteur de Fado chante, c\u2019est comme si une pri\u00e8re naissait \u00e0 ce moment pr\u00e9cis. Chaque pri\u00e8re est l'\u00e9l\u00e9vation de votre esprit, c'est la demande de mis\u00e9ricorde pour votre insignifiance. C'est un appel \u00e0 l'aide chant\u00e9 inconsciemment.&nbsp;<\/p>\n\n\n\n<p>C'est pour \u00e7a que tu dis que le Fado existe. Et cela arrive \u00e0 une \u00e9poque o\u00f9 la trinit\u00e9 du Fado compos\u00e9e du Chanteur de Fado, du Guitariste et de l'Alto de Fado est \u00e9troitement li\u00e9e et atteint le niveau de ne faire qu'un.&nbsp;<\/p>\n\n\n\n<p>Cela se produit inconsciemment d\u2019une mani\u00e8re extr\u00eamement inattendue. \u00c7a devrait \u00eatre comme cela.&nbsp;<\/p>\n\n\n\n<p>C\u2019est donc dans la simplicit\u00e9, la d\u00e9livrance et la cruaut\u00e9 des sentiments que l\u2019on retrouvera le Fado.&nbsp;<\/p>\n\n\n\n<p>Ne vous attendez pas \u00e0 des feux d'artifice ou \u00e0 de grands spectacles remplis de lumi\u00e8res.&nbsp;<\/p>\n\n\n\n<p>Le fado appartient aux t\u00e9n\u00e8bres et c'est seulement ainsi que nous pouvons admettre ce qui nous tourmente.&nbsp;<\/p>\n\n\n\n<p>Le Fado se vit dans une profonde absence de lumi\u00e8re, mais nous guidant vers notre salut.<\/p>\n\n\n\n<p>Le Fado ne cherche qu'\u00e0 se mat\u00e9rialiser \u00e0 travers ceux qui lui pr\u00eatent leur corps.<\/p>\n\n\n\n<p>Vivons le Fado tel qu'il est, et non comme vous voulez le croire !<\/p>","protected":false},"excerpt":{"rendered":"<p>O que \u00e9 FADO? Ser\u00e1 apenas um estilo de m\u00fasica? Ou haver\u00e1 algo mais do que aquilo que ouvimos? Poder\u00e3o j\u00e1 ter ouvido falar de Fado, apenas como estilo de m\u00fasica, mas \u00e9 muito mais do que isso. Como diz o poema \u201cTudo isto \u00e9 Fado\u201d, da autoria de An\u00edbal Nazar\u00e9, cria\u00e7\u00e3o de Fernanda Batista, [&hellip;]<\/p>","protected":false},"author":1,"featured_media":175,"comment_status":"open","ping_status":"open","sticky":false,"template":"","format":"standard","meta":{"footnotes":""},"categories":[1],"tags":[],"class_list":["post-122","post","type-post","status-publish","format-standard","has-post-thumbnail","hentry","category-blog"],"yoast_head":"<!-- This site is optimized with the Yoast SEO Premium plugin v24.1 (Yoast SEO v24.1) - https:\/\/yoast.com\/wordpress\/plugins\/seo\/ -->\n<title>O que \u00e9 FADO? Ser\u00e1 apenas um estilo de m\u00fasica? - Presidencial Fado<\/title>\n<meta name=\"description\" content=\"O Fado \u00e9 de uma simplicidade atroz e muito provavelmente \u00e9 isso que nos atrai e ao mesmo tempo afasta. Fado \u00e9 tudo o que existe.\" \/>\n<meta name=\"robots\" content=\"index, follow, max-snippet:-1, max-image-preview:large, max-video-preview:-1\" \/>\n<link rel=\"canonical\" href=\"https:\/\/presidencialfado.com\/fr\/quest-ce-que-le-fado\/\" \/>\n<meta property=\"og:locale\" content=\"fr_FR\" \/>\n<meta property=\"og:type\" content=\"article\" \/>\n<meta property=\"og:title\" content=\"O que \u00e9 Fado? Ser\u00e1 apenas um estilo de m\u00fasica?\" \/>\n<meta property=\"og:description\" content=\"O Fado \u00e9 de uma simplicidade atroz e muito provavelmente \u00e9 isso que nos atrai e ao mesmo tempo afasta. Fado \u00e9 tudo o que existe.\" \/>\n<meta property=\"og:url\" content=\"https:\/\/presidencialfado.com\/fr\/quest-ce-que-le-fado\/\" \/>\n<meta property=\"og:site_name\" content=\"Presidencial Fado\" \/>\n<meta property=\"article:publisher\" content=\"https:\/\/www.facebook.com\/profile.php?id=61556139603917\" \/>\n<meta property=\"article:published_time\" content=\"2024-03-29T19:51:14+00:00\" \/>\n<meta property=\"article:modified_time\" content=\"2024-04-05T17:54:16+00:00\" \/>\n<meta property=\"og:image\" content=\"https:\/\/presidencialfado.com\/wp-content\/uploads\/2024\/03\/O-que-e-fado-Amalia-Rodrigues1.webp\" \/>\n\t<meta property=\"og:image:width\" content=\"780\" \/>\n\t<meta property=\"og:image:height\" content=\"520\" \/>\n\t<meta property=\"og:image:type\" content=\"image\/webp\" \/>\n<meta name=\"author\" content=\"presidencialfado.com\" \/>\n<meta name=\"twitter:card\" content=\"summary_large_image\" \/>\n<meta name=\"twitter:label1\" content=\"\u00c9crit par\" \/>\n\t<meta name=\"twitter:data1\" content=\"presidencialfado.com\" \/>\n\t<meta name=\"twitter:label2\" content=\"Dur\u00e9e de lecture estim\u00e9e\" \/>\n\t<meta name=\"twitter:data2\" content=\"4 minutes\" \/>\n<script type=\"application\/ld+json\" class=\"yoast-schema-graph\">{\"@context\":\"https:\/\/schema.org\",\"@graph\":[{\"@type\":\"Article\",\"@id\":\"https:\/\/presidencialfado.com\/o-que-e-fado\/#article\",\"isPartOf\":{\"@id\":\"https:\/\/presidencialfado.com\/o-que-e-fado\/\"},\"author\":{\"name\":\"presidencialfado.com\",\"@id\":\"https:\/\/presidencialfado.com\/#\/schema\/person\/e0aeff0bc4789549f20cc2766bdce1e2\"},\"headline\":\"O que \u00e9 Fado? Ser\u00e1 apenas um estilo de m\u00fasica?\",\"datePublished\":\"2024-03-29T19:51:14+00:00\",\"dateModified\":\"2024-04-05T17:54:16+00:00\",\"mainEntityOfPage\":{\"@id\":\"https:\/\/presidencialfado.com\/o-que-e-fado\/\"},\"wordCount\":677,\"commentCount\":0,\"publisher\":{\"@id\":\"https:\/\/presidencialfado.com\/#organization\"},\"image\":{\"@id\":\"https:\/\/presidencialfado.com\/o-que-e-fado\/#primaryimage\"},\"thumbnailUrl\":\"https:\/\/presidencialfado.com\/wp-content\/uploads\/2024\/03\/O-que-e-fado-Amalia-Rodrigues1.webp\",\"articleSection\":[\"Blog\"],\"inLanguage\":\"fr-FR\",\"potentialAction\":[{\"@type\":\"CommentAction\",\"name\":\"Comment\",\"target\":[\"https:\/\/presidencialfado.com\/o-que-e-fado\/#respond\"]}]},{\"@type\":\"WebPage\",\"@id\":\"https:\/\/presidencialfado.com\/o-que-e-fado\/\",\"url\":\"https:\/\/presidencialfado.com\/o-que-e-fado\/\",\"name\":\"O que \u00e9 FADO? Ser\u00e1 apenas um estilo de m\u00fasica? - Presidencial Fado\",\"isPartOf\":{\"@id\":\"https:\/\/presidencialfado.com\/#website\"},\"primaryImageOfPage\":{\"@id\":\"https:\/\/presidencialfado.com\/o-que-e-fado\/#primaryimage\"},\"image\":{\"@id\":\"https:\/\/presidencialfado.com\/o-que-e-fado\/#primaryimage\"},\"thumbnailUrl\":\"https:\/\/presidencialfado.com\/wp-content\/uploads\/2024\/03\/O-que-e-fado-Amalia-Rodrigues1.webp\",\"datePublished\":\"2024-03-29T19:51:14+00:00\",\"dateModified\":\"2024-04-05T17:54:16+00:00\",\"description\":\"O Fado \u00e9 de uma simplicidade atroz e muito provavelmente \u00e9 isso que nos atrai e ao mesmo tempo afasta. Fado \u00e9 tudo o que existe.\",\"breadcrumb\":{\"@id\":\"https:\/\/presidencialfado.com\/o-que-e-fado\/#breadcrumb\"},\"inLanguage\":\"fr-FR\",\"potentialAction\":[{\"@type\":\"ReadAction\",\"target\":[\"https:\/\/presidencialfado.com\/o-que-e-fado\/\"]}]},{\"@type\":\"ImageObject\",\"inLanguage\":\"fr-FR\",\"@id\":\"https:\/\/presidencialfado.com\/o-que-e-fado\/#primaryimage\",\"url\":\"https:\/\/presidencialfado.com\/wp-content\/uploads\/2024\/03\/O-que-e-fado-Amalia-Rodrigues1.webp\",\"contentUrl\":\"https:\/\/presidencialfado.com\/wp-content\/uploads\/2024\/03\/O-que-e-fado-Amalia-Rodrigues1.webp\",\"width\":780,\"height\":520,\"caption\":\"Fado no Porto\"},{\"@type\":\"BreadcrumbList\",\"@id\":\"https:\/\/presidencialfado.com\/o-que-e-fado\/#breadcrumb\",\"itemListElement\":[{\"@type\":\"ListItem\",\"position\":1,\"name\":\"Home\",\"item\":\"https:\/\/presidencialfado.com\/\"},{\"@type\":\"ListItem\",\"position\":2,\"name\":\"O que \u00e9 Fado? Ser\u00e1 apenas um estilo de m\u00fasica?\"}]},{\"@type\":\"WebSite\",\"@id\":\"https:\/\/presidencialfado.com\/#website\",\"url\":\"https:\/\/presidencialfado.com\/\",\"name\":\"Presidencial Fado\",\"description\":\"Deixe-se envolver pelo fado na emblem\u00e1tica esta\u00e7\u00e3o de S\u00e3o Bento!\",\"publisher\":{\"@id\":\"https:\/\/presidencialfado.com\/#organization\"},\"alternateName\":\"Presidencial Fado - Portugal Exclusive\",\"potentialAction\":[{\"@type\":\"SearchAction\",\"target\":{\"@type\":\"EntryPoint\",\"urlTemplate\":\"https:\/\/presidencialfado.com\/?s={search_term_string}\"},\"query-input\":{\"@type\":\"PropertyValueSpecification\",\"valueRequired\":true,\"valueName\":\"search_term_string\"}}],\"inLanguage\":\"fr-FR\"},{\"@type\":[\"Organization\",\"Place\",\"MusicVenue\"],\"@id\":\"https:\/\/presidencialfado.com\/#organization\",\"name\":\"Presidencial Fado\",\"alternateName\":\"Presidencial Fado - Portugal Exclusive\",\"url\":\"https:\/\/presidencialfado.com\/\",\"logo\":{\"@id\":\"https:\/\/presidencialfado.com\/o-que-e-fado\/#local-main-organization-logo\"},\"image\":{\"@id\":\"https:\/\/presidencialfado.com\/o-que-e-fado\/#local-main-organization-logo\"},\"sameAs\":[\"https:\/\/www.facebook.com\/profile.php?id=61556139603917\",\"https:\/\/www.instagram.com\/presidencial.fado\/\",\"https:\/\/www.tripadvisor.pt\/Attraction_Review-g189180-d27126109-Reviews-Presidencial_Fado-Porto_Porto_District_Northern_Portugal.html\",\"https:\/\/www.tiktok.com\/@presidencial.fado\"],\"description\":\"Dentro da maravilhosa Esta\u00e7\u00e3o Ferrovi\u00e1ria de S\u00e3o Bento encontra o local mais adequado para ouvir Fado. Um espa\u00e7o acolhedor que funciona como sala de concertos, apresenta\u00e7\u00f5es e exposi\u00e7\u00f5es e venda de produtos exclusivos portugueses. Na decora\u00e7\u00e3o est\u00e3o incorporados objetos hist\u00f3ricos dos Caminhos de Ferro em Portugal e pe\u00e7as da pr\u00f3pria Esta\u00e7\u00e3o.\",\"legalName\":\"Presidencial Fado\",\"address\":{\"@id\":\"https:\/\/presidencialfado.com\/o-que-e-fado\/#local-main-place-address\"},\"geo\":{\"@type\":\"GeoCoordinates\",\"latitude\":\"41.14531920\",\"longitude\":\"-8.61022250\"},\"telephone\":[\"+351931350473\"],\"contactPoint\":{\"@type\":\"ContactPoint\",\"telephone\":\"+351931350473\",\"email\":\"info@presidencialfado.com\"},\"openingHoursSpecification\":[{\"@type\":\"OpeningHoursSpecification\",\"dayOfWeek\":[\"Monday\",\"Tuesday\",\"Wednesday\",\"Thursday\",\"Friday\",\"Saturday\",\"Sunday\"],\"opens\":\"18:00\",\"closes\":\"19:00\"}],\"email\":\"info@presidencialfado.com\",\"areaServed\":\"Portugal, Porto\"},{\"@type\":\"Person\",\"@id\":\"https:\/\/presidencialfado.com\/#\/schema\/person\/e0aeff0bc4789549f20cc2766bdce1e2\",\"name\":\"presidencialfado.com\",\"image\":{\"@type\":\"ImageObject\",\"inLanguage\":\"fr-FR\",\"@id\":\"https:\/\/presidencialfado.com\/#\/schema\/person\/image\/\",\"url\":\"https:\/\/secure.gravatar.com\/avatar\/3bfa57850cbe4ed490cd9bc53558034e?s=96&d=mm&r=g\",\"contentUrl\":\"https:\/\/secure.gravatar.com\/avatar\/3bfa57850cbe4ed490cd9bc53558034e?s=96&d=mm&r=g\",\"caption\":\"presidencialfado.com\"},\"sameAs\":[\"http:\/\/presidencialfado.com\"],\"url\":\"https:\/\/presidencialfado.com\/fr\/author\/presidencialfado-com\/\"},{\"@type\":\"PostalAddress\",\"@id\":\"https:\/\/presidencialfado.com\/o-que-e-fado\/#local-main-place-address\",\"streetAddress\":\"Gare Esta\u00e7\u00e3o de S\u00e3o Bento, Pra\u00e7a de Almeida Garrett, 4000-069 Porto\",\"addressLocality\":\"Porto\",\"postalCode\":\"4000-069\",\"addressRegion\":\"Porto\",\"addressCountry\":\"PT\"},{\"@type\":\"ImageObject\",\"inLanguage\":\"fr-FR\",\"@id\":\"https:\/\/presidencialfado.com\/o-que-e-fado\/#local-main-organization-logo\",\"url\":\"https:\/\/presidencialfado.com\/wp-content\/uploads\/2024\/03\/Favicon-presidencial-fado.png\",\"contentUrl\":\"https:\/\/presidencialfado.com\/wp-content\/uploads\/2024\/03\/Favicon-presidencial-fado.png\",\"width\":512,\"height\":512,\"caption\":\"Presidencial Fado\"}]}<\/script>\n<meta name=\"geo.placename\" content=\"Porto\" \/>\n<meta name=\"geo.position\" content=\"41.14531920;-8.61022250\" \/>\n<meta name=\"geo.region\" content=\"Portugal\" \/>\n<!-- \/ Yoast SEO Premium plugin. -->","yoast_head_json":{"title":"O que \u00e9 FADO? Ser\u00e1 apenas um estilo de m\u00fasica? - Presidencial Fado","description":"O Fado \u00e9 de uma simplicidade atroz e muito provavelmente \u00e9 isso que nos atrai e ao mesmo tempo afasta. Fado \u00e9 tudo o que existe.","robots":{"index":"index","follow":"follow","max-snippet":"max-snippet:-1","max-image-preview":"max-image-preview:large","max-video-preview":"max-video-preview:-1"},"canonical":"https:\/\/presidencialfado.com\/fr\/quest-ce-que-le-fado\/","og_locale":"fr_FR","og_type":"article","og_title":"O que \u00e9 Fado? Ser\u00e1 apenas um estilo de m\u00fasica?","og_description":"O Fado \u00e9 de uma simplicidade atroz e muito provavelmente \u00e9 isso que nos atrai e ao mesmo tempo afasta. Fado \u00e9 tudo o que existe.","og_url":"https:\/\/presidencialfado.com\/fr\/quest-ce-que-le-fado\/","og_site_name":"Presidencial Fado","article_publisher":"https:\/\/www.facebook.com\/profile.php?id=61556139603917","article_published_time":"2024-03-29T19:51:14+00:00","article_modified_time":"2024-04-05T17:54:16+00:00","og_image":[{"width":780,"height":520,"url":"https:\/\/presidencialfado.com\/wp-content\/uploads\/2024\/03\/O-que-e-fado-Amalia-Rodrigues1.webp","type":"image\/webp"}],"author":"presidencialfado.com","twitter_card":"summary_large_image","twitter_misc":{"\u00c9crit par":"presidencialfado.com","Dur\u00e9e de lecture estim\u00e9e":"4 minutes"},"schema":{"@context":"https:\/\/schema.org","@graph":[{"@type":"Article","@id":"https:\/\/presidencialfado.com\/o-que-e-fado\/#article","isPartOf":{"@id":"https:\/\/presidencialfado.com\/o-que-e-fado\/"},"author":{"name":"presidencialfado.com","@id":"https:\/\/presidencialfado.com\/#\/schema\/person\/e0aeff0bc4789549f20cc2766bdce1e2"},"headline":"O que \u00e9 Fado? Ser\u00e1 apenas um estilo de m\u00fasica?","datePublished":"2024-03-29T19:51:14+00:00","dateModified":"2024-04-05T17:54:16+00:00","mainEntityOfPage":{"@id":"https:\/\/presidencialfado.com\/o-que-e-fado\/"},"wordCount":677,"commentCount":0,"publisher":{"@id":"https:\/\/presidencialfado.com\/#organization"},"image":{"@id":"https:\/\/presidencialfado.com\/o-que-e-fado\/#primaryimage"},"thumbnailUrl":"https:\/\/presidencialfado.com\/wp-content\/uploads\/2024\/03\/O-que-e-fado-Amalia-Rodrigues1.webp","articleSection":["Blog"],"inLanguage":"fr-FR","potentialAction":[{"@type":"CommentAction","name":"Comment","target":["https:\/\/presidencialfado.com\/o-que-e-fado\/#respond"]}]},{"@type":"WebPage","@id":"https:\/\/presidencialfado.com\/o-que-e-fado\/","url":"https:\/\/presidencialfado.com\/o-que-e-fado\/","name":"O que \u00e9 FADO? Ser\u00e1 apenas um estilo de m\u00fasica? - Presidencial Fado","isPartOf":{"@id":"https:\/\/presidencialfado.com\/#website"},"primaryImageOfPage":{"@id":"https:\/\/presidencialfado.com\/o-que-e-fado\/#primaryimage"},"image":{"@id":"https:\/\/presidencialfado.com\/o-que-e-fado\/#primaryimage"},"thumbnailUrl":"https:\/\/presidencialfado.com\/wp-content\/uploads\/2024\/03\/O-que-e-fado-Amalia-Rodrigues1.webp","datePublished":"2024-03-29T19:51:14+00:00","dateModified":"2024-04-05T17:54:16+00:00","description":"O Fado \u00e9 de uma simplicidade atroz e muito provavelmente \u00e9 isso que nos atrai e ao mesmo tempo afasta. Fado \u00e9 tudo o que existe.","breadcrumb":{"@id":"https:\/\/presidencialfado.com\/o-que-e-fado\/#breadcrumb"},"inLanguage":"fr-FR","potentialAction":[{"@type":"ReadAction","target":["https:\/\/presidencialfado.com\/o-que-e-fado\/"]}]},{"@type":"ImageObject","inLanguage":"fr-FR","@id":"https:\/\/presidencialfado.com\/o-que-e-fado\/#primaryimage","url":"https:\/\/presidencialfado.com\/wp-content\/uploads\/2024\/03\/O-que-e-fado-Amalia-Rodrigues1.webp","contentUrl":"https:\/\/presidencialfado.com\/wp-content\/uploads\/2024\/03\/O-que-e-fado-Amalia-Rodrigues1.webp","width":780,"height":520,"caption":"Fado no Porto"},{"@type":"BreadcrumbList","@id":"https:\/\/presidencialfado.com\/o-que-e-fado\/#breadcrumb","itemListElement":[{"@type":"ListItem","position":1,"name":"Home","item":"https:\/\/presidencialfado.com\/"},{"@type":"ListItem","position":2,"name":"O que \u00e9 Fado? Ser\u00e1 apenas um estilo de m\u00fasica?"}]},{"@type":"WebSite","@id":"https:\/\/presidencialfado.com\/#website","url":"https:\/\/presidencialfado.com\/","name":"Presidencial Fado","description":"Deixe-se envolver pelo fado na emblem\u00e1tica esta\u00e7\u00e3o de S\u00e3o Bento!","publisher":{"@id":"https:\/\/presidencialfado.com\/#organization"},"alternateName":"Presidencial Fado - Portugal Exclusive","potentialAction":[{"@type":"SearchAction","target":{"@type":"EntryPoint","urlTemplate":"https:\/\/presidencialfado.com\/?s={search_term_string}"},"query-input":{"@type":"PropertyValueSpecification","valueRequired":true,"valueName":"search_term_string"}}],"inLanguage":"fr-FR"},{"@type":["Organization","Place","MusicVenue"],"@id":"https:\/\/presidencialfado.com\/#organization","name":"Presidencial Fado","alternateName":"Presidencial Fado - Portugal Exclusive","url":"https:\/\/presidencialfado.com\/","logo":{"@id":"https:\/\/presidencialfado.com\/o-que-e-fado\/#local-main-organization-logo"},"image":{"@id":"https:\/\/presidencialfado.com\/o-que-e-fado\/#local-main-organization-logo"},"sameAs":["https:\/\/www.facebook.com\/profile.php?id=61556139603917","https:\/\/www.instagram.com\/presidencial.fado\/","https:\/\/www.tripadvisor.pt\/Attraction_Review-g189180-d27126109-Reviews-Presidencial_Fado-Porto_Porto_District_Northern_Portugal.html","https:\/\/www.tiktok.com\/@presidencial.fado"],"description":"Dentro da maravilhosa Esta\u00e7\u00e3o Ferrovi\u00e1ria de S\u00e3o Bento encontra o local mais adequado para ouvir Fado. Um espa\u00e7o acolhedor que funciona como sala de concertos, apresenta\u00e7\u00f5es e exposi\u00e7\u00f5es e venda de produtos exclusivos portugueses. Na decora\u00e7\u00e3o est\u00e3o incorporados objetos hist\u00f3ricos dos Caminhos de Ferro em Portugal e pe\u00e7as da pr\u00f3pria Esta\u00e7\u00e3o.","legalName":"Presidencial Fado","address":{"@id":"https:\/\/presidencialfado.com\/o-que-e-fado\/#local-main-place-address"},"geo":{"@type":"GeoCoordinates","latitude":"41.14531920","longitude":"-8.61022250"},"telephone":["+351931350473"],"contactPoint":{"@type":"ContactPoint","telephone":"+351931350473","email":"info@presidencialfado.com"},"openingHoursSpecification":[{"@type":"OpeningHoursSpecification","dayOfWeek":["Monday","Tuesday","Wednesday","Thursday","Friday","Saturday","Sunday"],"opens":"18:00","closes":"19:00"}],"email":"info@presidencialfado.com","areaServed":"Portugal, Porto"},{"@type":"Person","@id":"https:\/\/presidencialfado.com\/#\/schema\/person\/e0aeff0bc4789549f20cc2766bdce1e2","name":"presidencialfado.com","image":{"@type":"ImageObject","inLanguage":"fr-FR","@id":"https:\/\/presidencialfado.com\/#\/schema\/person\/image\/","url":"https:\/\/secure.gravatar.com\/avatar\/3bfa57850cbe4ed490cd9bc53558034e?s=96&d=mm&r=g","contentUrl":"https:\/\/secure.gravatar.com\/avatar\/3bfa57850cbe4ed490cd9bc53558034e?s=96&d=mm&r=g","caption":"presidencialfado.com"},"sameAs":["http:\/\/presidencialfado.com"],"url":"https:\/\/presidencialfado.com\/fr\/author\/presidencialfado-com\/"},{"@type":"PostalAddress","@id":"https:\/\/presidencialfado.com\/o-que-e-fado\/#local-main-place-address","streetAddress":"Gare Esta\u00e7\u00e3o de S\u00e3o Bento, Pra\u00e7a de Almeida Garrett, 4000-069 Porto","addressLocality":"Porto","postalCode":"4000-069","addressRegion":"Porto","addressCountry":"PT"},{"@type":"ImageObject","inLanguage":"fr-FR","@id":"https:\/\/presidencialfado.com\/o-que-e-fado\/#local-main-organization-logo","url":"https:\/\/presidencialfado.com\/wp-content\/uploads\/2024\/03\/Favicon-presidencial-fado.png","contentUrl":"https:\/\/presidencialfado.com\/wp-content\/uploads\/2024\/03\/Favicon-presidencial-fado.png","width":512,"height":512,"caption":"Presidencial Fado"}]},"geo.placename":"Porto","geo.position":{"lat":"41.14531920","long":"-8.61022250"},"geo.region":"Portugal"},"_links":{"self":[{"href":"https:\/\/presidencialfado.com\/fr\/wp-json\/wp\/v2\/posts\/122","targetHints":{"allow":["GET"]}}],"collection":[{"href":"https:\/\/presidencialfado.com\/fr\/wp-json\/wp\/v2\/posts"}],"about":[{"href":"https:\/\/presidencialfado.com\/fr\/wp-json\/wp\/v2\/types\/post"}],"author":[{"embeddable":true,"href":"https:\/\/presidencialfado.com\/fr\/wp-json\/wp\/v2\/users\/1"}],"replies":[{"embeddable":true,"href":"https:\/\/presidencialfado.com\/fr\/wp-json\/wp\/v2\/comments?post=122"}],"version-history":[{"count":10,"href":"https:\/\/presidencialfado.com\/fr\/wp-json\/wp\/v2\/posts\/122\/revisions"}],"predecessor-version":[{"id":315,"href":"https:\/\/presidencialfado.com\/fr\/wp-json\/wp\/v2\/posts\/122\/revisions\/315"}],"wp:featuredmedia":[{"embeddable":true,"href":"https:\/\/presidencialfado.com\/fr\/wp-json\/wp\/v2\/media\/175"}],"wp:attachment":[{"href":"https:\/\/presidencialfado.com\/fr\/wp-json\/wp\/v2\/media?parent=122"}],"wp:term":[{"taxonomy":"category","embeddable":true,"href":"https:\/\/presidencialfado.com\/fr\/wp-json\/wp\/v2\/categories?post=122"},{"taxonomy":"post_tag","embeddable":true,"href":"https:\/\/presidencialfado.com\/fr\/wp-json\/wp\/v2\/tags?post=122"}],"curies":[{"name":"wp","href":"https:\/\/api.w.org\/{rel}","templated":true}]}}